{"id":220,"date":"2019-01-01T16:00:10","date_gmt":"2019-01-01T15:00:10","guid":{"rendered":"https:\/\/stademonia.com\/21\/?p=220"},"modified":"2022-01-28T14:32:19","modified_gmt":"2022-01-28T13:32:19","slug":"samtal-med-gerfer-tattoo","status":"publish","type":"post","link":"https:\/\/stademonia.com\/21\/2019\/01\/01\/samtal-med-gerfer-tattoo\/","title":{"rendered":"Samtal med GERFER TATTOO"},"content":{"rendered":"<p>German Ferreiroa AKA GerFer Tattoo, han\/hans, bor i Dublin och arbetar p\u00e5 True Black Tattooing<\/p>\n<p><strong>Hur skulle du beskriva ditt arbete?<br \/>\n<\/strong>Jag g\u00f6r traditional och black work tattoos. Mycket queer konst -teckningar, m\u00e5lningar och digital konst.<\/p>\n<p><strong>Hur kom du i kontakt med tatuering, hur l\u00e4rde du dig?<br \/>\n<\/strong>\u00c4nda sedan barn, hemma i Argentina, var jag dragen till tatueringar. N\u00e4r jag fyllde 18 och b\u00f6rjade p\u00e5 college tr\u00e4ffade jag folk som ocks\u00e5 var intresserade av tatueringar och tatuerare och det hj\u00e4lpte mig att komma ig\u00e5ng. Jag l\u00e4rde mig det mesta sj\u00e4lv, med hj\u00e4lp av v\u00e4nner och n\u00e5gra tatuerare fr\u00e5n min hemstad.<\/p>\n<p><strong>Var hittar du inspiration f\u00f6r din tatueringskonst? Vad g\u00f6r dig glad \/ nyfiken? Arbetar du med konst p\u00e5 andra s\u00e4tt \u00e4n p\u00e5 huden?<br \/>\n<\/strong>Jag inspireras av queer och fetish bildspr\u00e5k. F\u00f6rutom mitt arbete som tatuerare deltar jag i flera konstprojekt, utst\u00e4llningar och samarbeten med andra konstn\u00e4rer.<br \/>\nJag har sj\u00e4lvpublicerat ett antal b\u00f6cker som \u201cThe Male Project\u201d, \u201cThe Dickpic Project\u201d och \u201cQueerantine\u201d. Det senaste projektet \u00e4r ett samarbete med fotografen Hue Hale i Berlin, med ett nytt bokprojekt som snart ska vara ute.<\/p>\n<p><strong>N\u00e4r det g\u00e4ller tatueringskulturen, Vilka f\u00f6r\u00e4ndringar skulle du vilja se? P\u00e5 vilket s\u00e4tt kan vi som tatueringskonstn\u00e4rer g\u00f6ra skillnad?<br \/>\n<\/strong>En del bryr sig mer om att vara coola \u00e4n att g\u00f6ra ett bra jobb, jag skulle vilja se mer respekt f\u00f6r yrket. Som tatuerare borde vi vara n\u00e4ra och l\u00e4ra av varandra, l\u00e4mna v\u00e5ra egon \u00e5t sidan.<\/p>\n<p><a href=\"http:\/\/instagram.com\/gerfer_tattoo\">GerFer<\/a>\u00a0skulle ha st\u00e4llt ut sin konst och och g\u00e4sttatuerat p\u00e5 StaDemonia Tattoo Stockholm under Stockholm Pride 2020 men Covid-19 kom emellan. Vi f\u00e5r ses irl i en s\u00e4krare framtid!<\/p>\n<p><img loading=\"lazy\" decoding=\"async\" class=\"alignnone size-medium wp-image-228\" src=\"https:\/\/stademonia.com\/21\/wp-content\/uploads\/2021\/10\/image-67-300x300.jpeg\" alt=\"\" width=\"300\" height=\"300\" srcset=\"https:\/\/stademonia.com\/21\/wp-content\/uploads\/2021\/10\/image-67-300x300.jpeg 300w, https:\/\/stademonia.com\/21\/wp-content\/uploads\/2021\/10\/image-67-150x150.jpeg 150w, https:\/\/stademonia.com\/21\/wp-content\/uploads\/2021\/10\/image-67.jpeg 450w\" sizes=\"auto, (max-width: 300px) 100vw, 300px\" \/> <img loading=\"lazy\" decoding=\"async\" class=\"alignnone size-medium wp-image-227\" src=\"https:\/\/stademonia.com\/21\/wp-content\/uploads\/2021\/10\/image-66-300x300.jpeg\" alt=\"\" width=\"300\" height=\"300\" srcset=\"https:\/\/stademonia.com\/21\/wp-content\/uploads\/2021\/10\/image-66-300x300.jpeg 300w, https:\/\/stademonia.com\/21\/wp-content\/uploads\/2021\/10\/image-66-150x150.jpeg 150w, https:\/\/stademonia.com\/21\/wp-content\/uploads\/2021\/10\/image-66.jpeg 450w\" sizes=\"auto, (max-width: 300px) 100vw, 300px\" \/> <img loading=\"lazy\" decoding=\"async\" class=\"alignnone size-medium wp-image-226\" src=\"https:\/\/stademonia.com\/21\/wp-content\/uploads\/2021\/10\/image-65-300x300.jpeg\" alt=\"\" width=\"300\" height=\"300\" srcset=\"https:\/\/stademonia.com\/21\/wp-content\/uploads\/2021\/10\/image-65-300x300.jpeg 300w, https:\/\/stademonia.com\/21\/wp-content\/uploads\/2021\/10\/image-65-150x150.jpeg 150w, https:\/\/stademonia.com\/21\/wp-content\/uploads\/2021\/10\/image-65.jpeg 450w\" sizes=\"auto, (max-width: 300px) 100vw, 300px\" \/> <img loading=\"lazy\" decoding=\"async\" class=\"alignnone size-medium wp-image-225\" src=\"https:\/\/stademonia.com\/21\/wp-content\/uploads\/2021\/10\/image-64-300x300.jpeg\" alt=\"\" width=\"300\" height=\"300\" srcset=\"https:\/\/stademonia.com\/21\/wp-content\/uploads\/2021\/10\/image-64-300x300.jpeg 300w, https:\/\/stademonia.com\/21\/wp-content\/uploads\/2021\/10\/image-64-150x150.jpeg 150w, https:\/\/stademonia.com\/21\/wp-content\/uploads\/2021\/10\/image-64.jpeg 450w\" sizes=\"auto, (max-width: 300px) 100vw, 300px\" \/> <img loading=\"lazy\" decoding=\"async\" class=\"alignnone size-medium wp-image-224\" src=\"https:\/\/stademonia.com\/21\/wp-content\/uploads\/2021\/10\/image-63-300x300.jpeg\" alt=\"\" width=\"300\" height=\"300\" srcset=\"https:\/\/stademonia.com\/21\/wp-content\/uploads\/2021\/10\/image-63-300x300.jpeg 300w, https:\/\/stademonia.com\/21\/wp-content\/uploads\/2021\/10\/image-63-150x150.jpeg 150w, https:\/\/stademonia.com\/21\/wp-content\/uploads\/2021\/10\/image-63.jpeg 450w\" sizes=\"auto, (max-width: 300px) 100vw, 300px\" \/> <img loading=\"lazy\" decoding=\"async\" class=\"alignnone size-medium wp-image-223\" src=\"https:\/\/stademonia.com\/21\/wp-content\/uploads\/2021\/10\/image-62-300x300.jpeg\" alt=\"\" width=\"300\" height=\"300\" srcset=\"https:\/\/stademonia.com\/21\/wp-content\/uploads\/2021\/10\/image-62-300x300.jpeg 300w, https:\/\/stademonia.com\/21\/wp-content\/uploads\/2021\/10\/image-62-150x150.jpeg 150w, https:\/\/stademonia.com\/21\/wp-content\/uploads\/2021\/10\/image-62.jpeg 450w\" sizes=\"auto, (max-width: 300px) 100vw, 300px\" \/> <img loading=\"lazy\" decoding=\"async\" class=\"alignnone size-medium wp-image-222\" src=\"https:\/\/stademonia.com\/21\/wp-content\/uploads\/2021\/10\/image-61-300x300.jpeg\" alt=\"\" width=\"300\" height=\"300\" srcset=\"https:\/\/stademonia.com\/21\/wp-content\/uploads\/2021\/10\/image-61-300x300.jpeg 300w, https:\/\/stademonia.com\/21\/wp-content\/uploads\/2021\/10\/image-61-150x150.jpeg 150w, https:\/\/stademonia.com\/21\/wp-content\/uploads\/2021\/10\/image-61.jpeg 450w\" sizes=\"auto, (max-width: 300px) 100vw, 300px\" \/><\/p>\n","protected":false},"excerpt":{"rendered":"<p>German Ferreiroa AKA GerFer Tattoo, han\/hans, bor i Dublin och arbetar p\u00e5 True Black Tattooing Hur skulle du beskriva ditt arbete? Jag g\u00f6r traditional och black work tattoos. Mycket queer konst -teckningar, m\u00e5lningar och digital konst. Hur kom du i kontakt med tatuering, hur l\u00e4rde&#8230;<\/p>\n","protected":false},"author":1,"featured_media":221,"comment_status":"closed","ping_status":"closed","sticky":false,"template":"","format":"standard","meta":{"footnotes":""},"categories":[3,5],"tags":[28],"class_list":["post-220","post","type-post","status-publish","format-standard","has-post-thumbnail","hentry","category-nyheter","category-queer-tatuering","tag-gerfer-tattoo"],"yoast_head":"<!-- This site is optimized with the Yoast SEO plugin v26.7 - https:\/\/yoast.com\/wordpress\/plugins\/seo\/ -->\n<title>StaDemonia Tattoo Stockholm -Samtal med tatuerare GerFer<\/title>\n<meta name=\"description\" content=\"StaDemonia Tattoo Stockholm \u00e4r Queer konst och Vegan tatuering i Stockholm. H\u00e4r hittar du hbtqi+ tatuerare och konst.\" \/>\n<meta name=\"robots\" content=\"index, follow, max-snippet:-1, max-image-preview:large, max-video-preview:-1\" \/>\n<link rel=\"canonical\" href=\"https:\/\/stademonia.com\/21\/2019\/01\/01\/samtal-med-gerfer-tattoo\/\" \/>\n<meta property=\"og:locale\" content=\"sv_SE\" \/>\n<meta property=\"og:type\" content=\"article\" \/>\n<meta property=\"og:title\" content=\"StaDemonia Tattoo Stockholm -Samtal med tatuerare GerFer\" \/>\n<meta property=\"og:description\" content=\"StaDemonia Tattoo Stockholm \u00e4r Queer konst och Vegan tatuering i Stockholm. H\u00e4r hittar du hbtqi+ tatuerare och konst.\" \/>\n<meta property=\"og:url\" content=\"https:\/\/stademonia.com\/21\/2019\/01\/01\/samtal-med-gerfer-tattoo\/\" \/>\n<meta property=\"og:site_name\" content=\"StaDemonia Tattoo Stockholm\" \/>\n<meta property=\"article:publisher\" content=\"https:\/\/www.facebook.com\/stademonia.stockholm\/\" \/>\n<meta property=\"article:published_time\" content=\"2019-01-01T15:00:10+00:00\" \/>\n<meta property=\"article:modified_time\" content=\"2022-01-28T13:32:19+00:00\" \/>\n<meta property=\"og:image\" content=\"https:\/\/stademonia.com\/21\/wp-content\/uploads\/2021\/10\/image-60.jpeg\" \/>\n\t<meta property=\"og:image:width\" content=\"609\" \/>\n\t<meta property=\"og:image:height\" content=\"611\" \/>\n\t<meta property=\"og:image:type\" content=\"image\/jpeg\" \/>\n<meta name=\"author\" content=\"minna\" \/>\n<meta name=\"twitter:card\" content=\"summary_large_image\" \/>\n<meta name=\"twitter:label1\" content=\"Skriven av\" \/>\n\t<meta name=\"twitter:data1\" content=\"minna\" \/>\n\t<meta name=\"twitter:label2\" content=\"Ber\u00e4knad l\u00e4stid\" \/>\n\t<meta name=\"twitter:data2\" content=\"3 minuter\" \/>\n<script type=\"application\/ld+json\" class=\"yoast-schema-graph\">{\"@context\":\"https:\/\/schema.org\",\"@graph\":[{\"@type\":\"Article\",\"@id\":\"https:\/\/stademonia.com\/21\/2019\/01\/01\/samtal-med-gerfer-tattoo\/#article\",\"isPartOf\":{\"@id\":\"https:\/\/stademonia.com\/21\/2019\/01\/01\/samtal-med-gerfer-tattoo\/\"},\"author\":{\"name\":\"minna\",\"@id\":\"https:\/\/stademonia.com\/21\/#\/schema\/person\/6747da48aa8e071e743480ea433f0403\"},\"headline\":\"Samtal med GERFER TATTOO\",\"datePublished\":\"2019-01-01T15:00:10+00:00\",\"dateModified\":\"2022-01-28T13:32:19+00:00\",\"mainEntityOfPage\":{\"@id\":\"https:\/\/stademonia.com\/21\/2019\/01\/01\/samtal-med-gerfer-tattoo\/\"},\"wordCount\":311,\"publisher\":{\"@id\":\"https:\/\/stademonia.com\/21\/#organization\"},\"image\":{\"@id\":\"https:\/\/stademonia.com\/21\/2019\/01\/01\/samtal-med-gerfer-tattoo\/#primaryimage\"},\"thumbnailUrl\":\"https:\/\/stademonia.com\/21\/wp-content\/uploads\/2021\/10\/image-60.jpeg\",\"keywords\":[\"GERFER TATTOO\"],\"articleSection\":[\"Nyheter\",\"Queer tatuering\"],\"inLanguage\":\"sv-SE\"},{\"@type\":\"WebPage\",\"@id\":\"https:\/\/stademonia.com\/21\/2019\/01\/01\/samtal-med-gerfer-tattoo\/\",\"url\":\"https:\/\/stademonia.com\/21\/2019\/01\/01\/samtal-med-gerfer-tattoo\/\",\"name\":\"StaDemonia Tattoo Stockholm -Samtal med tatuerare GerFer\",\"isPartOf\":{\"@id\":\"https:\/\/stademonia.com\/21\/#website\"},\"primaryImageOfPage\":{\"@id\":\"https:\/\/stademonia.com\/21\/2019\/01\/01\/samtal-med-gerfer-tattoo\/#primaryimage\"},\"image\":{\"@id\":\"https:\/\/stademonia.com\/21\/2019\/01\/01\/samtal-med-gerfer-tattoo\/#primaryimage\"},\"thumbnailUrl\":\"https:\/\/stademonia.com\/21\/wp-content\/uploads\/2021\/10\/image-60.jpeg\",\"datePublished\":\"2019-01-01T15:00:10+00:00\",\"dateModified\":\"2022-01-28T13:32:19+00:00\",\"description\":\"StaDemonia Tattoo Stockholm \u00e4r Queer konst och Vegan tatuering i Stockholm. H\u00e4r hittar du hbtqi+ tatuerare och konst.\",\"breadcrumb\":{\"@id\":\"https:\/\/stademonia.com\/21\/2019\/01\/01\/samtal-med-gerfer-tattoo\/#breadcrumb\"},\"inLanguage\":\"sv-SE\",\"potentialAction\":[{\"@type\":\"ReadAction\",\"target\":[\"https:\/\/stademonia.com\/21\/2019\/01\/01\/samtal-med-gerfer-tattoo\/\"]}]},{\"@type\":\"ImageObject\",\"inLanguage\":\"sv-SE\",\"@id\":\"https:\/\/stademonia.com\/21\/2019\/01\/01\/samtal-med-gerfer-tattoo\/#primaryimage\",\"url\":\"https:\/\/stademonia.com\/21\/wp-content\/uploads\/2021\/10\/image-60.jpeg\",\"contentUrl\":\"https:\/\/stademonia.com\/21\/wp-content\/uploads\/2021\/10\/image-60.jpeg\",\"width\":609,\"height\":611,\"caption\":\"Fotoportr\u00e4tt av queer tatuerare GerFer. Sitter framf\u00f6r en r\u00f6dm\u00e5lad d\u00f6rr, svartkl\u00e4dd i shorts s\u00e5 tatueringar p\u00e5 ben, armar och h\u00e4nder syns, cigarett i handen och tittar allvarlig mot n\u00e5got l\u00e4ngre bort.\"},{\"@type\":\"BreadcrumbList\",\"@id\":\"https:\/\/stademonia.com\/21\/2019\/01\/01\/samtal-med-gerfer-tattoo\/#breadcrumb\",\"itemListElement\":[{\"@type\":\"ListItem\",\"position\":1,\"name\":\"Hem\",\"item\":\"https:\/\/stademonia.com\/21\/\"},{\"@type\":\"ListItem\",\"position\":2,\"name\":\"Samtal med GERFER TATTOO\"}]},{\"@type\":\"WebSite\",\"@id\":\"https:\/\/stademonia.com\/21\/#website\",\"url\":\"https:\/\/stademonia.com\/21\/\",\"name\":\"StaDemonia Tattoo Stockholm\",\"description\":\"Queera Tatuerare i Stockholm\",\"publisher\":{\"@id\":\"https:\/\/stademonia.com\/21\/#organization\"},\"potentialAction\":[{\"@type\":\"SearchAction\",\"target\":{\"@type\":\"EntryPoint\",\"urlTemplate\":\"https:\/\/stademonia.com\/21\/?s={search_term_string}\"},\"query-input\":{\"@type\":\"PropertyValueSpecification\",\"valueRequired\":true,\"valueName\":\"search_term_string\"}}],\"inLanguage\":\"sv-SE\"},{\"@type\":\"Organization\",\"@id\":\"https:\/\/stademonia.com\/21\/#organization\",\"name\":\"StaDemonia Tattoo Stockholm\",\"url\":\"https:\/\/stademonia.com\/21\/\",\"logo\":{\"@type\":\"ImageObject\",\"inLanguage\":\"sv-SE\",\"@id\":\"https:\/\/stademonia.com\/21\/#\/schema\/logo\/image\/\",\"url\":\"https:\/\/stademonia.com\/21\/wp-content\/uploads\/2025\/03\/cropped-StaDemoniaTattoo_Logo_600-1.jpeg\",\"contentUrl\":\"https:\/\/stademonia.com\/21\/wp-content\/uploads\/2025\/03\/cropped-StaDemoniaTattoo_Logo_600-1.jpeg\",\"width\":512,\"height\":512,\"caption\":\"StaDemonia Tattoo Stockholm\"},\"image\":{\"@id\":\"https:\/\/stademonia.com\/21\/#\/schema\/logo\/image\/\"},\"sameAs\":[\"https:\/\/www.facebook.com\/stademonia.stockholm\/\",\"https:\/\/www.instagram.com\/sta.demonia_tattoo_stockholm\/\"]},{\"@type\":\"Person\",\"@id\":\"https:\/\/stademonia.com\/21\/#\/schema\/person\/6747da48aa8e071e743480ea433f0403\",\"name\":\"minna\",\"image\":{\"@type\":\"ImageObject\",\"inLanguage\":\"sv-SE\",\"@id\":\"https:\/\/stademonia.com\/21\/#\/schema\/person\/image\/\",\"url\":\"https:\/\/secure.gravatar.com\/avatar\/e9487f8f55d9357b7ee8f23818dc72cca6d7841f02d72e7a5fc61341b657df0a?s=96&d=mm&r=g\",\"contentUrl\":\"https:\/\/secure.gravatar.com\/avatar\/e9487f8f55d9357b7ee8f23818dc72cca6d7841f02d72e7a5fc61341b657df0a?s=96&d=mm&r=g\",\"caption\":\"minna\"},\"sameAs\":[\"https:\/\/stademonia.com\/21\"],\"url\":\"https:\/\/stademonia.com\/21\/author\/minna\/\"}]}<\/script>\n<!-- \/ Yoast SEO plugin. -->","yoast_head_json":{"title":"StaDemonia Tattoo Stockholm -Samtal med tatuerare GerFer","description":"StaDemonia Tattoo Stockholm \u00e4r Queer konst och Vegan tatuering i Stockholm. H\u00e4r hittar du hbtqi+ tatuerare och konst.","robots":{"index":"index","follow":"follow","max-snippet":"max-snippet:-1","max-image-preview":"max-image-preview:large","max-video-preview":"max-video-preview:-1"},"canonical":"https:\/\/stademonia.com\/21\/2019\/01\/01\/samtal-med-gerfer-tattoo\/","og_locale":"sv_SE","og_type":"article","og_title":"StaDemonia Tattoo Stockholm -Samtal med tatuerare GerFer","og_description":"StaDemonia Tattoo Stockholm \u00e4r Queer konst och Vegan tatuering i Stockholm. H\u00e4r hittar du hbtqi+ tatuerare och konst.","og_url":"https:\/\/stademonia.com\/21\/2019\/01\/01\/samtal-med-gerfer-tattoo\/","og_site_name":"StaDemonia Tattoo Stockholm","article_publisher":"https:\/\/www.facebook.com\/stademonia.stockholm\/","article_published_time":"2019-01-01T15:00:10+00:00","article_modified_time":"2022-01-28T13:32:19+00:00","og_image":[{"width":609,"height":611,"url":"https:\/\/stademonia.com\/21\/wp-content\/uploads\/2021\/10\/image-60.jpeg","type":"image\/jpeg"}],"author":"minna","twitter_card":"summary_large_image","twitter_misc":{"Skriven av":"minna","Ber\u00e4knad l\u00e4stid":"3 minuter"},"schema":{"@context":"https:\/\/schema.org","@graph":[{"@type":"Article","@id":"https:\/\/stademonia.com\/21\/2019\/01\/01\/samtal-med-gerfer-tattoo\/#article","isPartOf":{"@id":"https:\/\/stademonia.com\/21\/2019\/01\/01\/samtal-med-gerfer-tattoo\/"},"author":{"name":"minna","@id":"https:\/\/stademonia.com\/21\/#\/schema\/person\/6747da48aa8e071e743480ea433f0403"},"headline":"Samtal med GERFER TATTOO","datePublished":"2019-01-01T15:00:10+00:00","dateModified":"2022-01-28T13:32:19+00:00","mainEntityOfPage":{"@id":"https:\/\/stademonia.com\/21\/2019\/01\/01\/samtal-med-gerfer-tattoo\/"},"wordCount":311,"publisher":{"@id":"https:\/\/stademonia.com\/21\/#organization"},"image":{"@id":"https:\/\/stademonia.com\/21\/2019\/01\/01\/samtal-med-gerfer-tattoo\/#primaryimage"},"thumbnailUrl":"https:\/\/stademonia.com\/21\/wp-content\/uploads\/2021\/10\/image-60.jpeg","keywords":["GERFER TATTOO"],"articleSection":["Nyheter","Queer tatuering"],"inLanguage":"sv-SE"},{"@type":"WebPage","@id":"https:\/\/stademonia.com\/21\/2019\/01\/01\/samtal-med-gerfer-tattoo\/","url":"https:\/\/stademonia.com\/21\/2019\/01\/01\/samtal-med-gerfer-tattoo\/","name":"StaDemonia Tattoo Stockholm -Samtal med tatuerare GerFer","isPartOf":{"@id":"https:\/\/stademonia.com\/21\/#website"},"primaryImageOfPage":{"@id":"https:\/\/stademonia.com\/21\/2019\/01\/01\/samtal-med-gerfer-tattoo\/#primaryimage"},"image":{"@id":"https:\/\/stademonia.com\/21\/2019\/01\/01\/samtal-med-gerfer-tattoo\/#primaryimage"},"thumbnailUrl":"https:\/\/stademonia.com\/21\/wp-content\/uploads\/2021\/10\/image-60.jpeg","datePublished":"2019-01-01T15:00:10+00:00","dateModified":"2022-01-28T13:32:19+00:00","description":"StaDemonia Tattoo Stockholm \u00e4r Queer konst och Vegan tatuering i Stockholm. H\u00e4r hittar du hbtqi+ tatuerare och konst.","breadcrumb":{"@id":"https:\/\/stademonia.com\/21\/2019\/01\/01\/samtal-med-gerfer-tattoo\/#breadcrumb"},"inLanguage":"sv-SE","potentialAction":[{"@type":"ReadAction","target":["https:\/\/stademonia.com\/21\/2019\/01\/01\/samtal-med-gerfer-tattoo\/"]}]},{"@type":"ImageObject","inLanguage":"sv-SE","@id":"https:\/\/stademonia.com\/21\/2019\/01\/01\/samtal-med-gerfer-tattoo\/#primaryimage","url":"https:\/\/stademonia.com\/21\/wp-content\/uploads\/2021\/10\/image-60.jpeg","contentUrl":"https:\/\/stademonia.com\/21\/wp-content\/uploads\/2021\/10\/image-60.jpeg","width":609,"height":611,"caption":"Fotoportr\u00e4tt av queer tatuerare GerFer. Sitter framf\u00f6r en r\u00f6dm\u00e5lad d\u00f6rr, svartkl\u00e4dd i shorts s\u00e5 tatueringar p\u00e5 ben, armar och h\u00e4nder syns, cigarett i handen och tittar allvarlig mot n\u00e5got l\u00e4ngre bort."},{"@type":"BreadcrumbList","@id":"https:\/\/stademonia.com\/21\/2019\/01\/01\/samtal-med-gerfer-tattoo\/#breadcrumb","itemListElement":[{"@type":"ListItem","position":1,"name":"Hem","item":"https:\/\/stademonia.com\/21\/"},{"@type":"ListItem","position":2,"name":"Samtal med GERFER TATTOO"}]},{"@type":"WebSite","@id":"https:\/\/stademonia.com\/21\/#website","url":"https:\/\/stademonia.com\/21\/","name":"StaDemonia Tattoo Stockholm","description":"Queera Tatuerare i Stockholm","publisher":{"@id":"https:\/\/stademonia.com\/21\/#organization"},"potentialAction":[{"@type":"SearchAction","target":{"@type":"EntryPoint","urlTemplate":"https:\/\/stademonia.com\/21\/?s={search_term_string}"},"query-input":{"@type":"PropertyValueSpecification","valueRequired":true,"valueName":"search_term_string"}}],"inLanguage":"sv-SE"},{"@type":"Organization","@id":"https:\/\/stademonia.com\/21\/#organization","name":"StaDemonia Tattoo Stockholm","url":"https:\/\/stademonia.com\/21\/","logo":{"@type":"ImageObject","inLanguage":"sv-SE","@id":"https:\/\/stademonia.com\/21\/#\/schema\/logo\/image\/","url":"https:\/\/stademonia.com\/21\/wp-content\/uploads\/2025\/03\/cropped-StaDemoniaTattoo_Logo_600-1.jpeg","contentUrl":"https:\/\/stademonia.com\/21\/wp-content\/uploads\/2025\/03\/cropped-StaDemoniaTattoo_Logo_600-1.jpeg","width":512,"height":512,"caption":"StaDemonia Tattoo Stockholm"},"image":{"@id":"https:\/\/stademonia.com\/21\/#\/schema\/logo\/image\/"},"sameAs":["https:\/\/www.facebook.com\/stademonia.stockholm\/","https:\/\/www.instagram.com\/sta.demonia_tattoo_stockholm\/"]},{"@type":"Person","@id":"https:\/\/stademonia.com\/21\/#\/schema\/person\/6747da48aa8e071e743480ea433f0403","name":"minna","image":{"@type":"ImageObject","inLanguage":"sv-SE","@id":"https:\/\/stademonia.com\/21\/#\/schema\/person\/image\/","url":"https:\/\/secure.gravatar.com\/avatar\/e9487f8f55d9357b7ee8f23818dc72cca6d7841f02d72e7a5fc61341b657df0a?s=96&d=mm&r=g","contentUrl":"https:\/\/secure.gravatar.com\/avatar\/e9487f8f55d9357b7ee8f23818dc72cca6d7841f02d72e7a5fc61341b657df0a?s=96&d=mm&r=g","caption":"minna"},"sameAs":["https:\/\/stademonia.com\/21"],"url":"https:\/\/stademonia.com\/21\/author\/minna\/"}]}},"_links":{"self":[{"href":"https:\/\/stademonia.com\/21\/wp-json\/wp\/v2\/posts\/220","targetHints":{"allow":["GET"]}}],"collection":[{"href":"https:\/\/stademonia.com\/21\/wp-json\/wp\/v2\/posts"}],"about":[{"href":"https:\/\/stademonia.com\/21\/wp-json\/wp\/v2\/types\/post"}],"author":[{"embeddable":true,"href":"https:\/\/stademonia.com\/21\/wp-json\/wp\/v2\/users\/1"}],"replies":[{"embeddable":true,"href":"https:\/\/stademonia.com\/21\/wp-json\/wp\/v2\/comments?post=220"}],"version-history":[{"count":1,"href":"https:\/\/stademonia.com\/21\/wp-json\/wp\/v2\/posts\/220\/revisions"}],"predecessor-version":[{"id":229,"href":"https:\/\/stademonia.com\/21\/wp-json\/wp\/v2\/posts\/220\/revisions\/229"}],"wp:featuredmedia":[{"embeddable":true,"href":"https:\/\/stademonia.com\/21\/wp-json\/wp\/v2\/media\/221"}],"wp:attachment":[{"href":"https:\/\/stademonia.com\/21\/wp-json\/wp\/v2\/media?parent=220"}],"wp:term":[{"taxonomy":"category","embeddable":true,"href":"https:\/\/stademonia.com\/21\/wp-json\/wp\/v2\/categories?post=220"},{"taxonomy":"post_tag","embeddable":true,"href":"https:\/\/stademonia.com\/21\/wp-json\/wp\/v2\/tags?post=220"}],"curies":[{"name":"wp","href":"https:\/\/api.w.org\/{rel}","templated":true}]}}